{"id":415,"date":"2026-01-06T09:40:06","date_gmt":"2026-01-06T09:40:06","guid":{"rendered":"https:\/\/xn--energierechtsanwltin-qzb.ch\/?p=415"},"modified":"2026-01-06T09:43:49","modified_gmt":"2026-01-06T09:43:49","slug":"stromabkommen-ch-eu-schweizer-umsetzung-der-eu-vorgaben-zur-personellen-entflechtung-und-zu-shared-services","status":"publish","type":"post","link":"https:\/\/xn--energierechtsanwltin-qzb.ch\/?p=415","title":{"rendered":"Stromabkommen CH-EU: Schweizer Umsetzung der EU-Vorgaben zur personellen Entflechtung und zu Shared Services"},"content":{"rendered":"\n<p>Im letzten Blogbeitrag wurde gezeigt, welche Entflechtungsvorgaben VNB mit mehr als 100&#8217;000 angeschlossenen Endverbrauchern gem\u00e4ss der EU-Strombinnenmarktrichtlinie zu beachten haben (zum letzten Blogbeitrag geht\u2019s <a href=\"https:\/\/xn--energierechtsanwltin-qzb.ch\/?p=401\"><u>hier<\/u><\/a>). Nachfolgend geht es darum, wie diese EU-Vorgaben im Schweizer Recht umgesetzt w\u00fcrden.<\/p>\n\n\n\n<h5 class=\"wp-block-heading\"><strong>Umsetzung der EU-Strombinnenmarktrichtlinie<\/strong><\/h5>\n\n\n\n<p>Die EU-Rechtsakte, die im Rahmen des Stromabkommens Teil der Schweizer Rechtsordnung w\u00fcrden, teilen sich in EU-Richtlinien und EU-Verordnungen. Die EU-Strombinnenmarktrichtlinie (<a href=\"https:\/\/eur-lex.europa.eu\/legal-content\/de\/ALL\/?uri=CELEX%3A32019L0944\"><u>Richtlinie 2019\/944 vom 5. Juni 2019<\/u><\/a>), die Vorgaben zur Entflechtung von VNB enth\u00e4lt, ist eine EU-Richtlinie. EU-Richtlinien sind in der Regel nicht direkt anwendbar, sondern m\u00fcssen im nationalen Recht umgesetzt werden (das im Unterschied zu EU-Verordnungen, die direkt anwendbar sind).<\/p>\n\n\n\n<p>In der Schweiz werden die Vorgaben aus der EU-Strombinnenmarktrichtlinie zur Entflechtung mittels Anpassungen des Stromversorgungsgesetzes (&#8220;StromVG&#8221;) in nationales Recht \u00fcberf\u00fchrt. Der Vorentwurf zur Anpassung des StromVG (&#8220;VE-StromVG&#8221;) wurde vom Bundesrat am 13. Juni 2025 publiziert. Wie der Zwischenbericht des EDA zur Vernehmlassung zeigt, geht der Branche die Schweizer Umsetzung der EU-Entflechtungsvorgaben zu weit (<a href=\"https:\/\/www.europa.eda.admin.ch\/dam\/de\/sd-web\/c3KAQEeGX6nM\/zwischenbericht-zu-den-ergebnissen-der-vernehmlassung_DE.pdf\"><u>EDA, Zwischenbericht zu den Ergebnissen der Vernehmlassung vom 5. Dezember 2025<\/u><\/a>, S. 80). Nachfolgend wird gezeigt, wo und wie genau die Schweizer Regelungsvorschl\u00e4ge zur personellen Entflechtung und zur Zul\u00e4ssigkeit von Shared Services \u00fcber die EU-Vorgaben hinausgehen.<\/p>\n\n\n\n<h5 class=\"wp-block-heading\"><strong>VE-StromVG zur personellen Entflechtung<\/strong><\/h5>\n\n\n\n<p>Die EU-Strombinnenmarktrichtlinie schreibt betreffend die personelle Entflechtung insbesondere folgendes vor:<\/p>\n\n\n\n<p class=\"has-text-align-center\"><em>&#8220;Die f\u00fcr die Leitung des Verteilernetzbetreibers zust\u00e4ndigen Personen d\u00fcrfen nicht betrieblichen Einrichtungen des integrierten Elektrizit\u00e4tsunternehmens angeh\u00f6ren, die direkt oder indirekt f\u00fcr den laufenden Betrieb in den Bereichen Elektrizit\u00e4tserzeugung, -\u00fcbertragung und -versorgung zust\u00e4ndig sind.&#8221;<\/em> (Art. 35 Abs. 2 lit. a EU-Strombinnenmarktrichtlinie)<\/p>\n\n\n\n<p>Dem Wortlaut nach schreibt die EU-Strombinnenmarktrichtlinie eine personelle Entflechtung somit (nur) auf der Leitungsebene des VNB vor. Zudem darf die VNB-Leitung (nur) nicht indirekt oder direkt f\u00fcr den &#8220;laufenden Betrieb&#8221; in den Bereichen Erzeugung, \u00dcbertragung und Versorgung zust\u00e4ndig sein.<\/p>\n\n\n\n<p>Der Vorentwurf zum Schweizer StromVG ist genereller formuliert:<\/p>\n\n\n\n<p class=\"has-text-align-center\">&#8220;<em>Der Verteilnetzbetrieb muss [\u2026] personell [\u2026] von den \u00fcbrigen T\u00e4tigkeitsbereichen getrennt sein [\u2026]&#8221; <\/em>(Art. 10 Abs. 3 lit. a VE-StromVG)<\/p>\n\n\n\n<p>Eine Beschr\u00e4nkung auf die Leitungsebene ist dem Wortlaut der Schweizer Umsetzung nicht zu entnehmen. Ein entsprechender Hinweis findet sich zwar im erl\u00e4uternden Bericht. Dort wird zur personellen Entflechtung ausgef\u00fchrt, dass <em>&#8220;Angeh\u00f6rige der Gesch\u00e4ftsleitung des VNB [\u2026] nicht der Gesch\u00e4ftsleitung oder sonstigen betrieblichen Einrichtungen einer f\u00fcr die anderen T\u00e4tigkeitsbereiche zust\u00e4ndigen Einheit angeh\u00f6ren <\/em>[d\u00fcrfen]<em>, unabh\u00e4ngig davon, wo sie sich befinden (Holding oder verbundenes Unternehmen)&#8221;<\/em> (<a href=\"https:\/\/www.europa.eda.admin.ch\/dam\/de\/sd-web\/D1B9F4b1HKA2\/20250613%20Erl%C3%A4uternder%20Bericht%20(DE).pdf\"><u>Erl\u00e4uternder Bericht<\/u><\/a>, S. 655). Soll die personelle Entflechtung nur die Gesch\u00e4ftsleitung des VNB betreffen, sollte das jedoch entsprechend in den Wortlaut des Gesetzes aufgenommen werden.<\/p>\n\n\n\n<p>Auch in weiteren Teilen ist der Wortlaut von Art. 10 Abs. 3 lit. a VE-StromVG umfassender als die EU-Vorgabe. Denn nach der Schweizer Umsetzung ist die personelle Entflechtung nicht auf T\u00e4tigkeiten des <em>&#8220;laufenden Betriebs&#8221;<\/em> in den <em>&#8220;Bereichen Elektrizit\u00e4tserzeugung, \u2011\u00fcbertragung und -versorgung&#8221;<\/em> beschr\u00e4nkt. Vielmehr ist in Art. 10 Abs. 3 lit. a VE-StromVG generell von einer Trennung <em>&#8220;von den \u00fcbrigen T\u00e4tigkeitsbereichen&#8221;<\/em> die Rede.<\/p>\n\n\n\n<p>Die Vorgaben im VE-StromVG gehen somit dem Wortlaut nach \u00fcber das hinaus, was die EU-Strombinnenmarktrichtlinie vorschreibt. Das ist rechtlich zwar zul\u00e4ssig, aber nicht erforderlich.<\/p>\n\n\n\n<h5 class=\"wp-block-heading\"><strong>VE-StromVG zu Shared Services<\/strong><\/h5>\n\n\n\n<p>Zur Zul\u00e4ssigkeit von Shared Services \u00e4ussert sich der Vorentwurf zum StromVG nicht explizit. Nach Auffassung des EDA geh\u00f6rt es aber zur personellen Entflechtung, <em>&#8220;dass strategische Leistungen, wie Rechtsdienstleistungen, Regulierungs- und Kontrollfunktionen vom VNB eigenst\u00e4ndig erbracht werden m\u00fcssen&#8221; <\/em>(<a href=\"https:\/\/www.europa.eda.admin.ch\/dam\/de\/sd-web\/D1B9F4b1HKA2\/20250613%20Erl%C3%A4uternder%20Bericht%20(DE).pdf\"><u>Erl\u00e4uternder Bericht<\/u><\/a>, S. 655). Zumindest betreffend &#8220;strategische Leistungen&#8221; w\u00fcrde das ein Verbot von Shared Services bedeuten. Demnach m\u00fcsste der Netzbetrieb etwa seine eigene Rechtsabteilung haben (und d\u00fcrfte nicht auf die Rechtsabteilung des Konzerns bedient werden, die f\u00fcr die restlichen Konzerngesellschaften t\u00e4tig ist).<\/p>\n\n\n\n<p>Ein so generelles Verbot von Shared Services ergibt sich aus der EU-Strombinnenmarktrichtlinie nicht. Denn diese schreibt im Wesentlichen (nur) vor, dass der VNB \u00fcber die erforderlichen (personellen, technischen, materiellen, finanziellen) Ressourcen verf\u00fcgen m\u00fcssen, um ihre Aufgaben in Zusammenhang mit Netzbetrieb, -wartung und -ausbau erf\u00fcllen zu k\u00f6nnen (Art. 35 Abs. 2 lit. a RL 2019\/944). Bezieht ein VNB Dienstleistungen von anderen Unternehmensbereichen, darf das demnach nicht dazu f\u00fchren, dass er eine Leistung in Zusammenhang mit Netzbetrieb, -wartung oder -ausbau nicht mehr selbst erbringen kann. Ein generelles Verbot von Shared Services bedeutet das aber nicht. Auch nach (\u00e4lteren) Erl\u00e4uterungen der EU-Kommission ist im Einzelfall zu beurteilen, ob Shared Services zul\u00e4ssig sind oder nicht (vgl. <a href=\"https:\/\/energy.ec.europa.eu\/document\/download\/a5a5f766-b3fa-4d6f-8934-9a365306077d_en?filename=2010_01_21_the_unbundling_regime.pdf\"><u>EU-Commission, The Unbundlung Regime, Brussels, 22\u00a0January 2010<\/u><\/a>, S. 25).<\/p>\n","protected":false},"excerpt":{"rendered":"<p>Im letzten Blogbeitrag wurde gezeigt, welche Entflechtungsvorgaben VNB mit mehr als 100&#8217;000 angeschlossenen Endverbrauchern gem\u00e4ss der EU-Strombinnenmarktrichtlinie zu beachten haben [&hellip;]<\/p>\n","protected":false},"author":1,"featured_media":0,"comment_status":"open","ping_status":"open","sticky":false,"template":"","format":"standard","meta":{"site-sidebar-layout":"default","site-content-layout":"","ast-site-content-layout":"","site-content-style":"default","site-sidebar-style":"default","ast-global-header-display":"","ast-banner-title-visibility":"","ast-main-header-display":"","ast-hfb-above-header-display":"","ast-hfb-below-header-display":"","ast-hfb-mobile-header-display":"","site-post-title":"","ast-breadcrumbs-content":"","ast-featured-img":"","footer-sml-layout":"","theme-transparent-header-meta":"","adv-header-id-meta":"","stick-header-meta":"","header-above-stick-meta":"","header-main-stick-meta":"","header-below-stick-meta":"","astra-migrate-meta-layouts":"default","ast-page-background-enabled":"default","ast-page-background-meta":{"desktop":{"background-color":"var(--ast-global-color-4)","background-image":"","background-repeat":"repeat","background-position":"center center","background-size":"auto","background-attachment":"scroll","background-type":"","background-media":"","overlay-type":"","overlay-color":"","overlay-opacity":"","overlay-gradient":""},"tablet":{"background-color":"","background-image":"","background-repeat":"repeat","background-position":"center center","background-size":"auto","background-attachment":"scroll","background-type":"","background-media":"","overlay-type":"","overlay-color":"","overlay-opacity":"","overlay-gradient":""},"mobile":{"background-color":"","background-image":"","background-repeat":"repeat","background-position":"center center","background-size":"auto","background-attachment":"scroll","background-type":"","background-media":"","overlay-type":"","overlay-color":"","overlay-opacity":"","overlay-gradient":""}},"ast-content-background-meta":{"desktop":{"background-color":"var(--ast-global-color-5)","background-image":"","background-repeat":"repeat","background-position":"center center","background-size":"auto","background-attachment":"scroll","background-type":"","background-media":"","overlay-type":"","overlay-color":"","overlay-opacity":"","overlay-gradient":""},"tablet":{"background-color":"var(--ast-global-color-5)","background-image":"","background-repeat":"repeat","background-position":"center center","background-size":"auto","background-attachment":"scroll","background-type":"","background-media":"","overlay-type":"","overlay-color":"","overlay-opacity":"","overlay-gradient":""},"mobile":{"background-color":"var(--ast-global-color-5)","background-image":"","background-repeat":"repeat","background-position":"center center","background-size":"auto","background-attachment":"scroll","background-type":"","background-media":"","overlay-type":"","overlay-color":"","overlay-opacity":"","overlay-gradient":""}},"_themeisle_gutenberg_block_has_review":false,"footnotes":""},"categories":[16],"tags":[33,34,25,27,29,31,26,37,30,35,36],"class_list":["post-415","post","type-post","status-publish","format-standard","hentry","category-netz","tag-2019-944","tag-bilaterale-iii","tag-entflechtung","tag-eu","tag-schweiz","tag-shared-services","tag-stromabkommen","tag-strombinnenmarktrichtlinie","tag-stromversorgungsgesetz","tag-unbundling","tag-ve-stromvg"],"yoast_head":"<!-- This site is optimized with the Yoast SEO plugin v23.9 - https:\/\/yoast.com\/wordpress\/plugins\/seo\/ -->\n<title>Stromabkommen CH-EU: Schweizer Umsetzung der EU-Vorgaben zur personellen Entflechtung und zu Shared Services - energierechtsanw\u00e4ltin.ch<\/title>\n<meta name=\"robots\" content=\"index, follow, max-snippet:-1, max-image-preview:large, max-video-preview:-1\" \/>\n<link rel=\"canonical\" href=\"https:\/\/xn--energierechtsanwltin-qzb.ch\/?p=415\" \/>\n<meta property=\"og:locale\" content=\"de_DE\" \/>\n<meta property=\"og:type\" content=\"article\" \/>\n<meta property=\"og:title\" content=\"Stromabkommen CH-EU: Schweizer Umsetzung der EU-Vorgaben zur personellen Entflechtung und zu Shared Services - energierechtsanw\u00e4ltin.ch\" \/>\n<meta property=\"og:description\" content=\"Im letzten Blogbeitrag wurde gezeigt, welche Entflechtungsvorgaben VNB mit mehr als 100&#8217;000 angeschlossenen Endverbrauchern gem\u00e4ss der EU-Strombinnenmarktrichtlinie zu beachten haben [&hellip;]\" \/>\n<meta property=\"og:url\" content=\"https:\/\/xn--energierechtsanwltin-qzb.ch\/?p=415\" \/>\n<meta property=\"og:site_name\" content=\"energierechtsanw\u00e4ltin.ch\" \/>\n<meta property=\"article:published_time\" content=\"2026-01-06T09:40:06+00:00\" \/>\n<meta property=\"article:modified_time\" content=\"2026-01-06T09:43:49+00:00\" \/>\n<meta name=\"author\" content=\"Livia Camenisch\" \/>\n<meta name=\"twitter:card\" content=\"summary_large_image\" \/>\n<meta name=\"twitter:label1\" content=\"Geschrieben von\" \/>\n\t<meta name=\"twitter:data1\" content=\"Livia Camenisch\" \/>\n\t<meta name=\"twitter:label2\" content=\"Gesch\u00e4tzte Lesezeit\" \/>\n\t<meta name=\"twitter:data2\" content=\"4\u00a0Minuten\" \/>\n<script type=\"application\/ld+json\" class=\"yoast-schema-graph\">{\"@context\":\"https:\/\/schema.org\",\"@graph\":[{\"@type\":\"Article\",\"@id\":\"https:\/\/xn--energierechtsanwltin-qzb.ch\/?p=415#article\",\"isPartOf\":{\"@id\":\"https:\/\/xn--energierechtsanwltin-qzb.ch\/?p=415\"},\"author\":{\"name\":\"Livia Camenisch\",\"@id\":\"https:\/\/xn--energierechtsanwltin-qzb.ch\/#\/schema\/person\/2c09270a31e0129f73c3659bc0a530b5\"},\"headline\":\"Stromabkommen CH-EU: Schweizer Umsetzung der EU-Vorgaben zur personellen Entflechtung und zu Shared Services\",\"datePublished\":\"2026-01-06T09:40:06+00:00\",\"dateModified\":\"2026-01-06T09:43:49+00:00\",\"mainEntityOfPage\":{\"@id\":\"https:\/\/xn--energierechtsanwltin-qzb.ch\/?p=415\"},\"wordCount\":729,\"commentCount\":0,\"publisher\":{\"@id\":\"https:\/\/xn--energierechtsanwltin-qzb.ch\/#organization\"},\"keywords\":[\"2019\/944\",\"Bilaterale III\",\"Entflechtung\",\"EU\",\"Schweiz\",\"Shared Services\",\"Stromabkommen\",\"Strombinnenmarktrichtlinie\",\"Stromversorgungsgesetz\",\"Unbundling\",\"VE-StromVG\"],\"articleSection\":[\"Netz\"],\"inLanguage\":\"de-CH\",\"potentialAction\":[{\"@type\":\"CommentAction\",\"name\":\"Comment\",\"target\":[\"https:\/\/xn--energierechtsanwltin-qzb.ch\/?p=415#respond\"]}]},{\"@type\":\"WebPage\",\"@id\":\"https:\/\/xn--energierechtsanwltin-qzb.ch\/?p=415\",\"url\":\"https:\/\/xn--energierechtsanwltin-qzb.ch\/?p=415\",\"name\":\"Stromabkommen CH-EU: Schweizer Umsetzung der EU-Vorgaben zur personellen Entflechtung und zu Shared Services - energierechtsanw\u00e4ltin.ch\",\"isPartOf\":{\"@id\":\"https:\/\/xn--energierechtsanwltin-qzb.ch\/#website\"},\"datePublished\":\"2026-01-06T09:40:06+00:00\",\"dateModified\":\"2026-01-06T09:43:49+00:00\",\"breadcrumb\":{\"@id\":\"https:\/\/xn--energierechtsanwltin-qzb.ch\/?p=415#breadcrumb\"},\"inLanguage\":\"de-CH\",\"potentialAction\":[{\"@type\":\"ReadAction\",\"target\":[\"https:\/\/xn--energierechtsanwltin-qzb.ch\/?p=415\"]}]},{\"@type\":\"BreadcrumbList\",\"@id\":\"https:\/\/xn--energierechtsanwltin-qzb.ch\/?p=415#breadcrumb\",\"itemListElement\":[{\"@type\":\"ListItem\",\"position\":1,\"name\":\"Startseite\",\"item\":\"https:\/\/xn--energierechtsanwltin-qzb.ch\/\"},{\"@type\":\"ListItem\",\"position\":2,\"name\":\"Stromabkommen CH-EU: Schweizer Umsetzung der EU-Vorgaben zur personellen Entflechtung und zu Shared Services\"}]},{\"@type\":\"WebSite\",\"@id\":\"https:\/\/xn--energierechtsanwltin-qzb.ch\/#website\",\"url\":\"https:\/\/xn--energierechtsanwltin-qzb.ch\/\",\"name\":\"energierechtsanw\u00e4ltin.ch\",\"description\":\"Ein Blog f\u00fcr die Energiebranche.\",\"publisher\":{\"@id\":\"https:\/\/xn--energierechtsanwltin-qzb.ch\/#organization\"},\"potentialAction\":[{\"@type\":\"SearchAction\",\"target\":{\"@type\":\"EntryPoint\",\"urlTemplate\":\"https:\/\/xn--energierechtsanwltin-qzb.ch\/?s={search_term_string}\"},\"query-input\":{\"@type\":\"PropertyValueSpecification\",\"valueRequired\":true,\"valueName\":\"search_term_string\"}}],\"inLanguage\":\"de-CH\"},{\"@type\":\"Organization\",\"@id\":\"https:\/\/xn--energierechtsanwltin-qzb.ch\/#organization\",\"name\":\"energierechtsanw\u00e4ltin.ch\",\"url\":\"https:\/\/xn--energierechtsanwltin-qzb.ch\/\",\"logo\":{\"@type\":\"ImageObject\",\"inLanguage\":\"de-CH\",\"@id\":\"https:\/\/xn--energierechtsanwltin-qzb.ch\/#\/schema\/logo\/image\/\",\"url\":\"https:\/\/xn--energierechtsanwltin-qzb.ch\/wp-content\/uploads\/2024\/11\/cropped-Paragraf.jpg\",\"contentUrl\":\"https:\/\/xn--energierechtsanwltin-qzb.ch\/wp-content\/uploads\/2024\/11\/cropped-Paragraf.jpg\",\"width\":282,\"height\":277,\"caption\":\"energierechtsanw\u00e4ltin.ch\"},\"image\":{\"@id\":\"https:\/\/xn--energierechtsanwltin-qzb.ch\/#\/schema\/logo\/image\/\"}},{\"@type\":\"Person\",\"@id\":\"https:\/\/xn--energierechtsanwltin-qzb.ch\/#\/schema\/person\/2c09270a31e0129f73c3659bc0a530b5\",\"name\":\"Livia Camenisch\",\"image\":{\"@type\":\"ImageObject\",\"inLanguage\":\"de-CH\",\"@id\":\"https:\/\/xn--energierechtsanwltin-qzb.ch\/#\/schema\/person\/image\/\",\"url\":\"https:\/\/secure.gravatar.com\/avatar\/f95cb632ccb59873b8f9e7200fcda15a2dacc3ebd87a6c636ee0ca8a6a9a8064?s=96&d=mm&r=g\",\"contentUrl\":\"https:\/\/secure.gravatar.com\/avatar\/f95cb632ccb59873b8f9e7200fcda15a2dacc3ebd87a6c636ee0ca8a6a9a8064?s=96&d=mm&r=g\",\"caption\":\"Livia Camenisch\"},\"sameAs\":[\"https:\/\/xn--energierechtsanwltin-qzb.ch\"],\"url\":\"https:\/\/xn--energierechtsanwltin-qzb.ch\/?author=1\"}]}<\/script>\n<!-- \/ Yoast SEO plugin. -->","yoast_head_json":{"title":"Stromabkommen CH-EU: Schweizer Umsetzung der EU-Vorgaben zur personellen Entflechtung und zu Shared Services - energierechtsanw\u00e4ltin.ch","robots":{"index":"index","follow":"follow","max-snippet":"max-snippet:-1","max-image-preview":"max-image-preview:large","max-video-preview":"max-video-preview:-1"},"canonical":"https:\/\/xn--energierechtsanwltin-qzb.ch\/?p=415","og_locale":"de_DE","og_type":"article","og_title":"Stromabkommen CH-EU: Schweizer Umsetzung der EU-Vorgaben zur personellen Entflechtung und zu Shared Services - energierechtsanw\u00e4ltin.ch","og_description":"Im letzten Blogbeitrag wurde gezeigt, welche Entflechtungsvorgaben VNB mit mehr als 100&#8217;000 angeschlossenen Endverbrauchern gem\u00e4ss der EU-Strombinnenmarktrichtlinie zu beachten haben [&hellip;]","og_url":"https:\/\/xn--energierechtsanwltin-qzb.ch\/?p=415","og_site_name":"energierechtsanw\u00e4ltin.ch","article_published_time":"2026-01-06T09:40:06+00:00","article_modified_time":"2026-01-06T09:43:49+00:00","author":"Livia Camenisch","twitter_card":"summary_large_image","twitter_misc":{"Geschrieben von":"Livia Camenisch","Gesch\u00e4tzte Lesezeit":"4\u00a0Minuten"},"schema":{"@context":"https:\/\/schema.org","@graph":[{"@type":"Article","@id":"https:\/\/xn--energierechtsanwltin-qzb.ch\/?p=415#article","isPartOf":{"@id":"https:\/\/xn--energierechtsanwltin-qzb.ch\/?p=415"},"author":{"name":"Livia Camenisch","@id":"https:\/\/xn--energierechtsanwltin-qzb.ch\/#\/schema\/person\/2c09270a31e0129f73c3659bc0a530b5"},"headline":"Stromabkommen CH-EU: Schweizer Umsetzung der EU-Vorgaben zur personellen Entflechtung und zu Shared Services","datePublished":"2026-01-06T09:40:06+00:00","dateModified":"2026-01-06T09:43:49+00:00","mainEntityOfPage":{"@id":"https:\/\/xn--energierechtsanwltin-qzb.ch\/?p=415"},"wordCount":729,"commentCount":0,"publisher":{"@id":"https:\/\/xn--energierechtsanwltin-qzb.ch\/#organization"},"keywords":["2019\/944","Bilaterale III","Entflechtung","EU","Schweiz","Shared Services","Stromabkommen","Strombinnenmarktrichtlinie","Stromversorgungsgesetz","Unbundling","VE-StromVG"],"articleSection":["Netz"],"inLanguage":"de-CH","potentialAction":[{"@type":"CommentAction","name":"Comment","target":["https:\/\/xn--energierechtsanwltin-qzb.ch\/?p=415#respond"]}]},{"@type":"WebPage","@id":"https:\/\/xn--energierechtsanwltin-qzb.ch\/?p=415","url":"https:\/\/xn--energierechtsanwltin-qzb.ch\/?p=415","name":"Stromabkommen CH-EU: Schweizer Umsetzung der EU-Vorgaben zur personellen Entflechtung und zu Shared Services - energierechtsanw\u00e4ltin.ch","isPartOf":{"@id":"https:\/\/xn--energierechtsanwltin-qzb.ch\/#website"},"datePublished":"2026-01-06T09:40:06+00:00","dateModified":"2026-01-06T09:43:49+00:00","breadcrumb":{"@id":"https:\/\/xn--energierechtsanwltin-qzb.ch\/?p=415#breadcrumb"},"inLanguage":"de-CH","potentialAction":[{"@type":"ReadAction","target":["https:\/\/xn--energierechtsanwltin-qzb.ch\/?p=415"]}]},{"@type":"BreadcrumbList","@id":"https:\/\/xn--energierechtsanwltin-qzb.ch\/?p=415#breadcrumb","itemListElement":[{"@type":"ListItem","position":1,"name":"Startseite","item":"https:\/\/xn--energierechtsanwltin-qzb.ch\/"},{"@type":"ListItem","position":2,"name":"Stromabkommen CH-EU: Schweizer Umsetzung der EU-Vorgaben zur personellen Entflechtung und zu Shared Services"}]},{"@type":"WebSite","@id":"https:\/\/xn--energierechtsanwltin-qzb.ch\/#website","url":"https:\/\/xn--energierechtsanwltin-qzb.ch\/","name":"energierechtsanw\u00e4ltin.ch","description":"Ein Blog f\u00fcr die Energiebranche.","publisher":{"@id":"https:\/\/xn--energierechtsanwltin-qzb.ch\/#organization"},"potentialAction":[{"@type":"SearchAction","target":{"@type":"EntryPoint","urlTemplate":"https:\/\/xn--energierechtsanwltin-qzb.ch\/?s={search_term_string}"},"query-input":{"@type":"PropertyValueSpecification","valueRequired":true,"valueName":"search_term_string"}}],"inLanguage":"de-CH"},{"@type":"Organization","@id":"https:\/\/xn--energierechtsanwltin-qzb.ch\/#organization","name":"energierechtsanw\u00e4ltin.ch","url":"https:\/\/xn--energierechtsanwltin-qzb.ch\/","logo":{"@type":"ImageObject","inLanguage":"de-CH","@id":"https:\/\/xn--energierechtsanwltin-qzb.ch\/#\/schema\/logo\/image\/","url":"https:\/\/xn--energierechtsanwltin-qzb.ch\/wp-content\/uploads\/2024\/11\/cropped-Paragraf.jpg","contentUrl":"https:\/\/xn--energierechtsanwltin-qzb.ch\/wp-content\/uploads\/2024\/11\/cropped-Paragraf.jpg","width":282,"height":277,"caption":"energierechtsanw\u00e4ltin.ch"},"image":{"@id":"https:\/\/xn--energierechtsanwltin-qzb.ch\/#\/schema\/logo\/image\/"}},{"@type":"Person","@id":"https:\/\/xn--energierechtsanwltin-qzb.ch\/#\/schema\/person\/2c09270a31e0129f73c3659bc0a530b5","name":"Livia Camenisch","image":{"@type":"ImageObject","inLanguage":"de-CH","@id":"https:\/\/xn--energierechtsanwltin-qzb.ch\/#\/schema\/person\/image\/","url":"https:\/\/secure.gravatar.com\/avatar\/f95cb632ccb59873b8f9e7200fcda15a2dacc3ebd87a6c636ee0ca8a6a9a8064?s=96&d=mm&r=g","contentUrl":"https:\/\/secure.gravatar.com\/avatar\/f95cb632ccb59873b8f9e7200fcda15a2dacc3ebd87a6c636ee0ca8a6a9a8064?s=96&d=mm&r=g","caption":"Livia Camenisch"},"sameAs":["https:\/\/xn--energierechtsanwltin-qzb.ch"],"url":"https:\/\/xn--energierechtsanwltin-qzb.ch\/?author=1"}]}},"_links":{"self":[{"href":"https:\/\/xn--energierechtsanwltin-qzb.ch\/index.php?rest_route=\/wp\/v2\/posts\/415","targetHints":{"allow":["GET"]}}],"collection":[{"href":"https:\/\/xn--energierechtsanwltin-qzb.ch\/index.php?rest_route=\/wp\/v2\/posts"}],"about":[{"href":"https:\/\/xn--energierechtsanwltin-qzb.ch\/index.php?rest_route=\/wp\/v2\/types\/post"}],"author":[{"embeddable":true,"href":"https:\/\/xn--energierechtsanwltin-qzb.ch\/index.php?rest_route=\/wp\/v2\/users\/1"}],"replies":[{"embeddable":true,"href":"https:\/\/xn--energierechtsanwltin-qzb.ch\/index.php?rest_route=%2Fwp%2Fv2%2Fcomments&post=415"}],"version-history":[{"count":1,"href":"https:\/\/xn--energierechtsanwltin-qzb.ch\/index.php?rest_route=\/wp\/v2\/posts\/415\/revisions"}],"predecessor-version":[{"id":416,"href":"https:\/\/xn--energierechtsanwltin-qzb.ch\/index.php?rest_route=\/wp\/v2\/posts\/415\/revisions\/416"}],"wp:attachment":[{"href":"https:\/\/xn--energierechtsanwltin-qzb.ch\/index.php?rest_route=%2Fwp%2Fv2%2Fmedia&parent=415"}],"wp:term":[{"taxonomy":"category","embeddable":true,"href":"https:\/\/xn--energierechtsanwltin-qzb.ch\/index.php?rest_route=%2Fwp%2Fv2%2Fcategories&post=415"},{"taxonomy":"post_tag","embeddable":true,"href":"https:\/\/xn--energierechtsanwltin-qzb.ch\/index.php?rest_route=%2Fwp%2Fv2%2Ftags&post=415"}],"curies":[{"name":"wp","href":"https:\/\/api.w.org\/{rel}","templated":true}]}}